{"id":95,"count":4,"description":"Elevadores ou gruas el\u00e9ctricas que facilitam a transfer\u00eancia da cama para a cadeira de rodas. S\u00e3o muito f\u00e1ceis de utilizar e muito seguros. Pode test\u00e1-los nos nossos showrooms no Porto, em Lisboa, Oeiras ou em Almada. Pode tamb\u00e9m optar pelo aluguer de elevador de transfer\u00eancia para testar ou em caso de se tratar de uma situa\u00e7\u00e3o tempor\u00e1ria ou provis\u00f3ria.","link":"https:\/\/www.maisquecuidar.com\/loja\/transferencias\/elevadores-de-transferencia","name":"Elevadores de Transfer\u00eancia","slug":"elevadores-de-transferencia","taxonomy":"product_cat","parent":92,"meta":[],"menu_order":4,"acf":[],"yoast_head":"<!-- This site is optimized with the Yoast SEO plugin v27.5 - https:\/\/yoast.com\/product\/yoast-seo-wordpress\/ -->\n<title>Elevadores de Transfer\u00eancia - Mais que Cuidar<\/title>\n<meta name=\"description\" content=\"Elevadores especiais para ajudar na transfer\u00eancia de pessoas com pouca mobilidade da cama para a cadeira de rodas ou para a poltrona e vice versa.\" \/>\n<meta name=\"robots\" content=\"index, follow, max-snippet:-1, max-image-preview:large, max-video-preview:-1\" \/>\n<link rel=\"canonical\" href=\"https:\/\/www.maisquecuidar.com\/loja\/transferencias\/elevadores-de-transferencia\" \/>\n<meta property=\"og:locale\" content=\"pt_PT\" \/>\n<meta property=\"og:type\" content=\"article\" \/>\n<meta property=\"og:title\" content=\"Elevadores de Transfer\u00eancia - Mais que Cuidar\" \/>\n<meta property=\"og:description\" content=\"Elevadores especiais para ajudar na transfer\u00eancia de pessoas com pouca mobilidade da cama para a cadeira de rodas ou para a poltrona e vice versa.\" \/>\n<meta property=\"og:url\" content=\"https:\/\/www.maisquecuidar.com\/loja\/transferencias\/elevadores-de-transferencia\" \/>\n<meta property=\"og:site_name\" content=\"Mais que Cuidar\" \/>\n<script type=\"application\/ld+json\" class=\"yoast-schema-graph\">{\"@context\":\"https:\\\/\\\/schema.org\",\"@graph\":[{\"@type\":\"CollectionPage\",\"@id\":\"https:\\\/\\\/www.maisquecuidar.com\\\/loja\\\/transferencias\\\/elevadores-de-transferencia\",\"url\":\"https:\\\/\\\/www.maisquecuidar.com\\\/loja\\\/transferencias\\\/elevadores-de-transferencia\",\"name\":\"Elevadores de Transfer\u00eancia - Mais que Cuidar\",\"isPartOf\":{\"@id\":\"https:\\\/\\\/www.maisquecuidar.com\\\/loja\\\/#website\"},\"description\":\"Elevadores especiais para ajudar na transfer\u00eancia de pessoas com pouca mobilidade da cama para a cadeira de rodas ou para a poltrona e vice versa.\",\"breadcrumb\":{\"@id\":\"https:\\\/\\\/www.maisquecuidar.com\\\/loja\\\/transferencias\\\/elevadores-de-transferencia#breadcrumb\"},\"inLanguage\":\"pt-PT\"},{\"@type\":\"BreadcrumbList\",\"@id\":\"https:\\\/\\\/www.maisquecuidar.com\\\/loja\\\/transferencias\\\/elevadores-de-transferencia#breadcrumb\",\"itemListElement\":[{\"@type\":\"ListItem\",\"position\":1,\"name\":\"Home\",\"item\":\"https:\\\/\\\/www.maisquecuidar.com\\\/loja\\\/\"},{\"@type\":\"ListItem\",\"position\":2,\"name\":\"Transfer\u00eancias\",\"item\":\"https:\\\/\\\/www.maisquecuidar.com\\\/loja\\\/transferencias\"},{\"@type\":\"ListItem\",\"position\":3,\"name\":\"Elevadores de Transfer\u00eancia\"}]},{\"@type\":\"WebSite\",\"@id\":\"https:\\\/\\\/www.maisquecuidar.com\\\/loja\\\/#website\",\"url\":\"https:\\\/\\\/www.maisquecuidar.com\\\/loja\\\/\",\"name\":\"Mais que Cuidar\",\"description\":\"Sa\u00fade, Ortopedia e Geriatria\",\"publisher\":{\"@id\":\"https:\\\/\\\/www.maisquecuidar.com\\\/loja\\\/#organization\"},\"potentialAction\":[{\"@type\":\"SearchAction\",\"target\":{\"@type\":\"EntryPoint\",\"urlTemplate\":\"https:\\\/\\\/www.maisquecuidar.com\\\/loja\\\/?s={search_term_string}\"},\"query-input\":{\"@type\":\"PropertyValueSpecification\",\"valueRequired\":true,\"valueName\":\"search_term_string\"}}],\"inLanguage\":\"pt-PT\"},{\"@type\":\"Organization\",\"@id\":\"https:\\\/\\\/www.maisquecuidar.com\\\/loja\\\/#organization\",\"name\":\"Mais Que Cuidar\",\"url\":\"https:\\\/\\\/www.maisquecuidar.com\\\/loja\\\/\",\"logo\":{\"@type\":\"ImageObject\",\"inLanguage\":\"pt-PT\",\"@id\":\"https:\\\/\\\/www.maisquecuidar.com\\\/loja\\\/#\\\/schema\\\/logo\\\/image\\\/\",\"url\":\"https:\\\/\\\/img.maisquecuidar.com\\\/loja\\\/wp-content\\\/uploads\\\/2019\\\/08\\\/logo-mais-que-cuidar-retina.png\",\"contentUrl\":\"https:\\\/\\\/img.maisquecuidar.com\\\/loja\\\/wp-content\\\/uploads\\\/2019\\\/08\\\/logo-mais-que-cuidar-retina.png\",\"width\":565,\"height\":75,\"caption\":\"Mais Que Cuidar\"},\"image\":{\"@id\":\"https:\\\/\\\/www.maisquecuidar.com\\\/loja\\\/#\\\/schema\\\/logo\\\/image\\\/\"},\"sameAs\":[\"https:\\\/\\\/www.facebook.com\\\/maisquecuidar.pt\",\"https:\\\/\\\/www.instagram.com\\\/maisquecuidar\"]}]}<\/script>\n<!-- \/ Yoast SEO plugin. -->","yoast_head_json":{"title":"Elevadores de Transfer\u00eancia - Mais que Cuidar","description":"Elevadores especiais para ajudar na transfer\u00eancia de pessoas com pouca mobilidade da cama para a cadeira de rodas ou para a poltrona e vice versa.","robots":{"index":"index","follow":"follow","max-snippet":"max-snippet:-1","max-image-preview":"max-image-preview:large","max-video-preview":"max-video-preview:-1"},"canonical":"https:\/\/www.maisquecuidar.com\/loja\/transferencias\/elevadores-de-transferencia","og_locale":"pt_PT","og_type":"article","og_title":"Elevadores de Transfer\u00eancia - Mais que Cuidar","og_description":"Elevadores especiais para ajudar na transfer\u00eancia de pessoas com pouca mobilidade da cama para a cadeira de rodas ou para a poltrona e vice versa.","og_url":"https:\/\/www.maisquecuidar.com\/loja\/transferencias\/elevadores-de-transferencia","og_site_name":"Mais que Cuidar","schema":{"@context":"https:\/\/schema.org","@graph":[{"@type":"CollectionPage","@id":"https:\/\/www.maisquecuidar.com\/loja\/transferencias\/elevadores-de-transferencia","url":"https:\/\/www.maisquecuidar.com\/loja\/transferencias\/elevadores-de-transferencia","name":"Elevadores de Transfer\u00eancia - Mais que Cuidar","isPartOf":{"@id":"https:\/\/www.maisquecuidar.com\/loja\/#website"},"description":"Elevadores especiais para ajudar na transfer\u00eancia de pessoas com pouca mobilidade da cama para a cadeira de rodas ou para a poltrona e vice versa.","breadcrumb":{"@id":"https:\/\/www.maisquecuidar.com\/loja\/transferencias\/elevadores-de-transferencia#breadcrumb"},"inLanguage":"pt-PT"},{"@type":"BreadcrumbList","@id":"https:\/\/www.maisquecuidar.com\/loja\/transferencias\/elevadores-de-transferencia#breadcrumb","itemListElement":[{"@type":"ListItem","position":1,"name":"Home","item":"https:\/\/www.maisquecuidar.com\/loja\/"},{"@type":"ListItem","position":2,"name":"Transfer\u00eancias","item":"https:\/\/www.maisquecuidar.com\/loja\/transferencias"},{"@type":"ListItem","position":3,"name":"Elevadores de Transfer\u00eancia"}]},{"@type":"WebSite","@id":"https:\/\/www.maisquecuidar.com\/loja\/#website","url":"https:\/\/www.maisquecuidar.com\/loja\/","name":"Mais que Cuidar","description":"Sa\u00fade, Ortopedia e Geriatria","publisher":{"@id":"https:\/\/www.maisquecuidar.com\/loja\/#organization"},"potentialAction":[{"@type":"SearchAction","target":{"@type":"EntryPoint","urlTemplate":"https:\/\/www.maisquecuidar.com\/loja\/?s={search_term_string}"},"query-input":{"@type":"PropertyValueSpecification","valueRequired":true,"valueName":"search_term_string"}}],"inLanguage":"pt-PT"},{"@type":"Organization","@id":"https:\/\/www.maisquecuidar.com\/loja\/#organization","name":"Mais Que Cuidar","url":"https:\/\/www.maisquecuidar.com\/loja\/","logo":{"@type":"ImageObject","inLanguage":"pt-PT","@id":"https:\/\/www.maisquecuidar.com\/loja\/#\/schema\/logo\/image\/","url":"https:\/\/img.maisquecuidar.com\/loja\/wp-content\/uploads\/2019\/08\/logo-mais-que-cuidar-retina.png","contentUrl":"https:\/\/img.maisquecuidar.com\/loja\/wp-content\/uploads\/2019\/08\/logo-mais-que-cuidar-retina.png","width":565,"height":75,"caption":"Mais Que Cuidar"},"image":{"@id":"https:\/\/www.maisquecuidar.com\/loja\/#\/schema\/logo\/image\/"},"sameAs":["https:\/\/www.facebook.com\/maisquecuidar.pt","https:\/\/www.instagram.com\/maisquecuidar"]}]}},"_links":{"self":[{"href":"https:\/\/www.maisquecuidar.com\/loja\/wp-json\/wp\/v2\/product_cat\/95","targetHints":{"allow":["GET"]}}],"collection":[{"href":"https:\/\/www.maisquecuidar.com\/loja\/wp-json\/wp\/v2\/product_cat"}],"about":[{"href":"https:\/\/www.maisquecuidar.com\/loja\/wp-json\/wp\/v2\/taxonomies\/product_cat"}],"up":[{"embeddable":true,"href":"https:\/\/www.maisquecuidar.com\/loja\/wp-json\/wp\/v2\/product_cat\/92"}],"wp:post_type":[{"href":"https:\/\/www.maisquecuidar.com\/loja\/wp-json\/wp\/v2\/product?product_cat=95"}],"curies":[{"name":"wp","href":"https:\/\/api.w.org\/{rel}","templated":true}]}}